{"id":326,"date":"2024-05-22T16:38:17","date_gmt":"2024-05-22T16:38:17","guid":{"rendered":"https:\/\/www.mallarach.cat\/?p=326"},"modified":"2024-07-17T14:33:55","modified_gmt":"2024-07-17T14:33:55","slug":"el-vulcanisme-prehistoric-de-catalunya","status":"publish","type":"post","link":"https:\/\/www.mallarach.cat\/index.php\/2024\/05\/22\/el-vulcanisme-prehistoric-de-catalunya\/","title":{"rendered":"El vulcanisme prehist\u00f2ric de Catalunya"},"content":{"rendered":"\n<p>Josep Maria Mallarach (1998)  El vulcanisme prehist\u00f2ric de Catalunya. Diputaci\u00f3 de Girona. Gr\u00e0fiques Alzamora, Girona. 1998. 322 p\u00e0gines.<\/p>\n\n\n\n<p><a href=\"https:\/\/books.google.es\/books\/about\/El_vulcanisme_prehist%C3%B2ric_de_Catalunya.html?id=VAxOAQAAIAAJ&amp;redir_esc=y\">Llegir el llibre<\/a><\/p>\n","protected":false},"excerpt":{"rendered":"<p>Josep Maria Mallarach (1998) El vulcanisme prehist\u00f2ric de Catalunya. Diputaci\u00f3 de Girona. Gr\u00e0fiques Alzamora, Girona. 1998. 322 p\u00e0gines. Llegir el [&hellip;]<\/p>\n","protected":false},"author":2,"featured_media":910,"comment_status":"open","ping_status":"open","sticky":false,"template":"","format":"standard","meta":{"site-sidebar-layout":"default","site-content-layout":"","ast-site-content-layout":"","site-content-style":"default","site-sidebar-style":"default","ast-global-header-display":"","ast-banner-title-visibility":"","ast-main-header-display":"","ast-hfb-above-header-display":"","ast-hfb-below-header-display":"","ast-hfb-mobile-header-display":"","site-post-title":"","ast-breadcrumbs-content":"","ast-featured-img":"","footer-sml-layout":"","theme-transparent-header-meta":"","adv-header-id-meta":"","stick-header-meta":"","header-above-stick-meta":"","header-main-stick-meta":"","header-below-stick-meta":"","astra-migrate-meta-layouts":"default","ast-page-background-enabled":"default","ast-page-background-meta":{"desktop":{"background-color":"var(--ast-global-color-4)","background-image":"","background-repeat":"repeat","background-position":"center center","background-size":"auto","background-attachment":"scroll","background-type":"","background-media":"","overlay-type":"","overlay-color":"","overlay-opacity":"","overlay-gradient":""},"tablet":{"background-color":"","background-image":"","background-repeat":"repeat","background-position":"center center","background-size":"auto","background-attachment":"scroll","background-type":"","background-media":"","overlay-type":"","overlay-color":"","overlay-opacity":"","overlay-gradient":""},"mobile":{"background-color":"","background-image":"","background-repeat":"repeat","background-position":"center center","background-size":"auto","background-attachment":"scroll","background-type":"","background-media":"","overlay-type":"","overlay-color":"","overlay-opacity":"","overlay-gradient":""}},"ast-content-background-meta":{"desktop":{"background-color":"var(--ast-global-color-5)","background-image":"","background-repeat":"repeat","background-position":"center center","background-size":"auto","background-attachment":"scroll","background-type":"","background-media":"","overlay-type":"","overlay-color":"","overlay-opacity":"","overlay-gradient":""},"tablet":{"background-color":"var(--ast-global-color-5)","background-image":"","background-repeat":"repeat","background-position":"center center","background-size":"auto","background-attachment":"scroll","background-type":"","background-media":"","overlay-type":"","overlay-color":"","overlay-opacity":"","overlay-gradient":""},"mobile":{"background-color":"var(--ast-global-color-5)","background-image":"","background-repeat":"repeat","background-position":"center center","background-size":"auto","background-attachment":"scroll","background-type":"","background-media":"","overlay-type":"","overlay-color":"","overlay-opacity":"","overlay-gradient":""}},"footnotes":""},"categories":[31,6],"tags":[13,40,21],"class_list":["post-326","post","type-post","status-publish","format-standard","has-post-thumbnail","hentry","category-llibres","category-publicacions","tag-conservacio-de-la-natura","tag-patrimoni-natural","tag-volcans"],"_links":{"self":[{"href":"https:\/\/www.mallarach.cat\/index.php\/wp-json\/wp\/v2\/posts\/326","targetHints":{"allow":["GET"]}}],"collection":[{"href":"https:\/\/www.mallarach.cat\/index.php\/wp-json\/wp\/v2\/posts"}],"about":[{"href":"https:\/\/www.mallarach.cat\/index.php\/wp-json\/wp\/v2\/types\/post"}],"author":[{"embeddable":true,"href":"https:\/\/www.mallarach.cat\/index.php\/wp-json\/wp\/v2\/users\/2"}],"replies":[{"embeddable":true,"href":"https:\/\/www.mallarach.cat\/index.php\/wp-json\/wp\/v2\/comments?post=326"}],"version-history":[{"count":3,"href":"https:\/\/www.mallarach.cat\/index.php\/wp-json\/wp\/v2\/posts\/326\/revisions"}],"predecessor-version":[{"id":455,"href":"https:\/\/www.mallarach.cat\/index.php\/wp-json\/wp\/v2\/posts\/326\/revisions\/455"}],"wp:featuredmedia":[{"embeddable":true,"href":"https:\/\/www.mallarach.cat\/index.php\/wp-json\/wp\/v2\/media\/910"}],"wp:attachment":[{"href":"https:\/\/www.mallarach.cat\/index.php\/wp-json\/wp\/v2\/media?parent=326"}],"wp:term":[{"taxonomy":"category","embeddable":true,"href":"https:\/\/www.mallarach.cat\/index.php\/wp-json\/wp\/v2\/categories?post=326"},{"taxonomy":"post_tag","embeddable":true,"href":"https:\/\/www.mallarach.cat\/index.php\/wp-json\/wp\/v2\/tags?post=326"}],"curies":[{"name":"wp","href":"https:\/\/api.w.org\/{rel}","templated":true}]}}