{"id":1775,"date":"2025-12-01T16:05:20","date_gmt":"2025-12-01T16:05:20","guid":{"rendered":"https:\/\/www.mallarach.cat\/?p=1775"},"modified":"2025-12-01T16:06:27","modified_gmt":"2025-12-01T16:06:27","slug":"el-riu-fluvia-visio-integral-i-potencial-de-regeneracio","status":"publish","type":"post","link":"https:\/\/www.mallarach.cat\/index.php\/2025\/12\/01\/el-riu-fluvia-visio-integral-i-potencial-de-regeneracio\/","title":{"rendered":"El riu Fluvi\u00e0: visi\u00f3 integral i potencial de regeneraci\u00f3"},"content":{"rendered":"\n<p>Acte a Sant Pere Pescador, a la tarda del divendres 19 de desembre de 2025, coorganitzat per IAEDEN, Grup de la Gola i Silene, que constar\u00e0 de dues parts: <\/p>\n\n\n\n<p>A dos quarts de cinc, visita a peu guiada Mig de dos rius, Fluvi\u00e0 N\u00e0utic i Gola del Fluvi\u00e0.<\/p>\n\n\n\n<p>A les 7 de la tarda, confer\u00e8ncia de Josep Maria Mallarach (Silene) seguida de col\u00b7loqui.<\/p>\n","protected":false},"excerpt":{"rendered":"<p>Acte a Sant Pere Pescador, a la tarda del divendres 19 de desembre de 2025, coorganitzat per IAEDEN, Grup de [&hellip;]<\/p>\n","protected":false},"author":2,"featured_media":1776,"comment_status":"open","ping_status":"open","sticky":false,"template":"","format":"standard","meta":{"site-sidebar-layout":"default","site-content-layout":"","ast-site-content-layout":"","site-content-style":"default","site-sidebar-style":"default","ast-global-header-display":"","ast-banner-title-visibility":"","ast-main-header-display":"","ast-hfb-above-header-display":"","ast-hfb-below-header-display":"","ast-hfb-mobile-header-display":"","site-post-title":"","ast-breadcrumbs-content":"","ast-featured-img":"","footer-sml-layout":"","theme-transparent-header-meta":"","adv-header-id-meta":"","stick-header-meta":"","header-above-stick-meta":"","header-main-stick-meta":"","header-below-stick-meta":"","astra-migrate-meta-layouts":"default","ast-page-background-enabled":"default","ast-page-background-meta":{"desktop":{"background-color":"var(--ast-global-color-4)","background-image":"","background-repeat":"repeat","background-position":"center center","background-size":"auto","background-attachment":"scroll","background-type":"","background-media":"","overlay-type":"","overlay-color":"","overlay-opacity":"","overlay-gradient":""},"tablet":{"background-color":"","background-image":"","background-repeat":"repeat","background-position":"center center","background-size":"auto","background-attachment":"scroll","background-type":"","background-media":"","overlay-type":"","overlay-color":"","overlay-opacity":"","overlay-gradient":""},"mobile":{"background-color":"","background-image":"","background-repeat":"repeat","background-position":"center center","background-size":"auto","background-attachment":"scroll","background-type":"","background-media":"","overlay-type":"","overlay-color":"","overlay-opacity":"","overlay-gradient":""}},"ast-content-background-meta":{"desktop":{"background-color":"var(--ast-global-color-5)","background-image":"","background-repeat":"repeat","background-position":"center center","background-size":"auto","background-attachment":"scroll","background-type":"","background-media":"","overlay-type":"","overlay-color":"","overlay-opacity":"","overlay-gradient":""},"tablet":{"background-color":"var(--ast-global-color-5)","background-image":"","background-repeat":"repeat","background-position":"center center","background-size":"auto","background-attachment":"scroll","background-type":"","background-media":"","overlay-type":"","overlay-color":"","overlay-opacity":"","overlay-gradient":""},"mobile":{"background-color":"var(--ast-global-color-5)","background-image":"","background-repeat":"repeat","background-position":"center center","background-size":"auto","background-attachment":"scroll","background-type":"","background-media":"","overlay-type":"","overlay-color":"","overlay-opacity":"","overlay-gradient":""}},"footnotes":""},"categories":[28],"tags":[12,13,48],"class_list":["post-1775","post","type-post","status-publish","format-standard","has-post-thumbnail","hentry","category-actes-publics","tag-connectivitat-ecologica","tag-conservacio-de-la-natura","tag-patrimoni-immaterial"],"_links":{"self":[{"href":"https:\/\/www.mallarach.cat\/index.php\/wp-json\/wp\/v2\/posts\/1775","targetHints":{"allow":["GET"]}}],"collection":[{"href":"https:\/\/www.mallarach.cat\/index.php\/wp-json\/wp\/v2\/posts"}],"about":[{"href":"https:\/\/www.mallarach.cat\/index.php\/wp-json\/wp\/v2\/types\/post"}],"author":[{"embeddable":true,"href":"https:\/\/www.mallarach.cat\/index.php\/wp-json\/wp\/v2\/users\/2"}],"replies":[{"embeddable":true,"href":"https:\/\/www.mallarach.cat\/index.php\/wp-json\/wp\/v2\/comments?post=1775"}],"version-history":[{"count":1,"href":"https:\/\/www.mallarach.cat\/index.php\/wp-json\/wp\/v2\/posts\/1775\/revisions"}],"predecessor-version":[{"id":1777,"href":"https:\/\/www.mallarach.cat\/index.php\/wp-json\/wp\/v2\/posts\/1775\/revisions\/1777"}],"wp:featuredmedia":[{"embeddable":true,"href":"https:\/\/www.mallarach.cat\/index.php\/wp-json\/wp\/v2\/media\/1776"}],"wp:attachment":[{"href":"https:\/\/www.mallarach.cat\/index.php\/wp-json\/wp\/v2\/media?parent=1775"}],"wp:term":[{"taxonomy":"category","embeddable":true,"href":"https:\/\/www.mallarach.cat\/index.php\/wp-json\/wp\/v2\/categories?post=1775"},{"taxonomy":"post_tag","embeddable":true,"href":"https:\/\/www.mallarach.cat\/index.php\/wp-json\/wp\/v2\/tags?post=1775"}],"curies":[{"name":"wp","href":"https:\/\/api.w.org\/{rel}","templated":true}]}}