{"id":1693,"date":"2025-07-02T17:22:56","date_gmt":"2025-07-02T17:22:56","guid":{"rendered":"https:\/\/www.mallarach.cat\/?p=1693"},"modified":"2025-07-05T17:37:37","modified_gmt":"2025-07-05T17:37:37","slug":"impactes-de-la-variant-de-les-preses-a-laquifer","status":"publish","type":"post","link":"https:\/\/www.mallarach.cat\/index.php\/2025\/07\/02\/impactes-de-la-variant-de-les-preses-a-laquifer\/","title":{"rendered":"Impactes de la variant de Les Preses a l&#8217;aq\u00fc\u00edfer"},"content":{"rendered":"\n<p>Dijous 3 de juliol, a les 7 de la tarda, m&#8217;han convidat a participar en un acte organitzat per Salvem les valls, a can Trona (la Vall d&#8217;en Bas). Juntament amb Mireia Jim\u00e9nez (hidroge\u00f2loga) i Mois\u00e8s Mont (president de Salvem les Valls) exposarem i debatrem els impactes potencials que el t\u00fanel de la variant de Les Preses, projectat al mig de la Plana d&#8217;en Bas pot tenir a l&#8217;aq\u00fc\u00edfer fl\u00favio-volc\u00e0nic, que fou declarat fa tres anys &#8220;reserva natural subterr\u00e0nia&#8221; per l&#8217;ACA.<\/p>\n\n\n\n<figure class=\"wp-block-image size-large\"><img fetchpriority=\"high\" decoding=\"async\" width=\"724\" height=\"1024\" src=\"https:\/\/www.mallarach.cat\/wp-content\/uploads\/2025\/07\/515501405_1346108700422296_4938474161291687087_n-724x1024.jpg\" alt=\"\" class=\"wp-image-1694\" srcset=\"https:\/\/www.mallarach.cat\/wp-content\/uploads\/2025\/07\/515501405_1346108700422296_4938474161291687087_n-724x1024.jpg 724w, https:\/\/www.mallarach.cat\/wp-content\/uploads\/2025\/07\/515501405_1346108700422296_4938474161291687087_n-212x300.jpg 212w, https:\/\/www.mallarach.cat\/wp-content\/uploads\/2025\/07\/515501405_1346108700422296_4938474161291687087_n-768x1086.jpg 768w, https:\/\/www.mallarach.cat\/wp-content\/uploads\/2025\/07\/515501405_1346108700422296_4938474161291687087_n-1086x1536.jpg 1086w, https:\/\/www.mallarach.cat\/wp-content\/uploads\/2025\/07\/515501405_1346108700422296_4938474161291687087_n.jpg 1131w\" sizes=\"(max-width: 724px) 100vw, 724px\" \/><\/figure>\n","protected":false},"excerpt":{"rendered":"<p>Dijous 3 de juliol, a les 7 de la tarda, m&#8217;han convidat a participar en un acte organitzat per Salvem [&hellip;]<\/p>\n","protected":false},"author":2,"featured_media":1697,"comment_status":"open","ping_status":"open","sticky":false,"template":"","format":"standard","meta":{"site-sidebar-layout":"default","site-content-layout":"","ast-site-content-layout":"","site-content-style":"default","site-sidebar-style":"default","ast-global-header-display":"","ast-banner-title-visibility":"","ast-main-header-display":"","ast-hfb-above-header-display":"","ast-hfb-below-header-display":"","ast-hfb-mobile-header-display":"","site-post-title":"","ast-breadcrumbs-content":"","ast-featured-img":"","footer-sml-layout":"","theme-transparent-header-meta":"","adv-header-id-meta":"","stick-header-meta":"","header-above-stick-meta":"","header-main-stick-meta":"","header-below-stick-meta":"","astra-migrate-meta-layouts":"default","ast-page-background-enabled":"default","ast-page-background-meta":{"desktop":{"background-color":"var(--ast-global-color-4)","background-image":"","background-repeat":"repeat","background-position":"center center","background-size":"auto","background-attachment":"scroll","background-type":"","background-media":"","overlay-type":"","overlay-color":"","overlay-opacity":"","overlay-gradient":""},"tablet":{"background-color":"","background-image":"","background-repeat":"repeat","background-position":"center center","background-size":"auto","background-attachment":"scroll","background-type":"","background-media":"","overlay-type":"","overlay-color":"","overlay-opacity":"","overlay-gradient":""},"mobile":{"background-color":"","background-image":"","background-repeat":"repeat","background-position":"center center","background-size":"auto","background-attachment":"scroll","background-type":"","background-media":"","overlay-type":"","overlay-color":"","overlay-opacity":"","overlay-gradient":""}},"ast-content-background-meta":{"desktop":{"background-color":"var(--ast-global-color-5)","background-image":"","background-repeat":"repeat","background-position":"center center","background-size":"auto","background-attachment":"scroll","background-type":"","background-media":"","overlay-type":"","overlay-color":"","overlay-opacity":"","overlay-gradient":""},"tablet":{"background-color":"var(--ast-global-color-5)","background-image":"","background-repeat":"repeat","background-position":"center center","background-size":"auto","background-attachment":"scroll","background-type":"","background-media":"","overlay-type":"","overlay-color":"","overlay-opacity":"","overlay-gradient":""},"mobile":{"background-color":"var(--ast-global-color-5)","background-image":"","background-repeat":"repeat","background-position":"center center","background-size":"auto","background-attachment":"scroll","background-type":"","background-media":"","overlay-type":"","overlay-color":"","overlay-opacity":"","overlay-gradient":""}},"footnotes":""},"categories":[28],"tags":[13,42,89],"class_list":["post-1693","post","type-post","status-publish","format-standard","has-post-thumbnail","hentry","category-actes-publics","tag-conservacio-de-la-natura","tag-espais-naturals-protegits","tag-impactes-ambientals"],"_links":{"self":[{"href":"https:\/\/www.mallarach.cat\/index.php\/wp-json\/wp\/v2\/posts\/1693","targetHints":{"allow":["GET"]}}],"collection":[{"href":"https:\/\/www.mallarach.cat\/index.php\/wp-json\/wp\/v2\/posts"}],"about":[{"href":"https:\/\/www.mallarach.cat\/index.php\/wp-json\/wp\/v2\/types\/post"}],"author":[{"embeddable":true,"href":"https:\/\/www.mallarach.cat\/index.php\/wp-json\/wp\/v2\/users\/2"}],"replies":[{"embeddable":true,"href":"https:\/\/www.mallarach.cat\/index.php\/wp-json\/wp\/v2\/comments?post=1693"}],"version-history":[{"count":1,"href":"https:\/\/www.mallarach.cat\/index.php\/wp-json\/wp\/v2\/posts\/1693\/revisions"}],"predecessor-version":[{"id":1695,"href":"https:\/\/www.mallarach.cat\/index.php\/wp-json\/wp\/v2\/posts\/1693\/revisions\/1695"}],"wp:featuredmedia":[{"embeddable":true,"href":"https:\/\/www.mallarach.cat\/index.php\/wp-json\/wp\/v2\/media\/1697"}],"wp:attachment":[{"href":"https:\/\/www.mallarach.cat\/index.php\/wp-json\/wp\/v2\/media?parent=1693"}],"wp:term":[{"taxonomy":"category","embeddable":true,"href":"https:\/\/www.mallarach.cat\/index.php\/wp-json\/wp\/v2\/categories?post=1693"},{"taxonomy":"post_tag","embeddable":true,"href":"https:\/\/www.mallarach.cat\/index.php\/wp-json\/wp\/v2\/tags?post=1693"}],"curies":[{"name":"wp","href":"https:\/\/api.w.org\/{rel}","templated":true}]}}