{"id":1456,"date":"2024-10-01T14:59:27","date_gmt":"2024-10-01T14:59:27","guid":{"rendered":"https:\/\/www.mallarach.cat\/?p=1456"},"modified":"2024-10-07T15:09:16","modified_gmt":"2024-10-07T15:09:16","slug":"jornada-de-reflexio-els-avencos-i-reptes-de-lestat-espanyol-respecte-les-fites-del-marc-mundial-de-biodiversitat","status":"publish","type":"post","link":"https:\/\/www.mallarach.cat\/index.php\/2024\/10\/01\/jornada-de-reflexio-els-avencos-i-reptes-de-lestat-espanyol-respecte-les-fites-del-marc-mundial-de-biodiversitat\/","title":{"rendered":"Jornada sobre els aven\u00e7os i reptes que t\u00e9 l&#8217;Estat Espanyol per assolir les fites del Marc mundial de biodiversitat de 2022"},"content":{"rendered":"\n<p>El dissabte 5 d&#8217;octubre, l&#8217;entitat Ecologistes en Acci\u00f3 m&#8217;ha convidat a participar en una jornada d&#8217;\u00e0mbit estatal, intitulada &#8220;Marco Mundial de Biodiversidad, avances y desaf\u00edos&#8221;. M&#8217;han demanat que avalui el grau en que s&#8217;han assolit els objectius de la Fita 3, del Marc Mundial de Biodiversitat de Kunming-Montreal (2022)  relativa als espais naturals protegits de l&#8217;Estat, i els canvis que caldria impulsar per assolir-la.<\/p>\n\n\n\n<p>Podeu accedir al programa <a href=\"https:\/\/www.ecologistasenaccion.org\/evento\/jornada-marco-mundial-de-biodiversidad-avances-y-desafios\/?fbclid=IwY2xjawFw16JleHRuA2FlbQIxMQABHZZnoN7qLoPfWdCscOTitc6rbkpqADr81GDEbj-CrQUrIkmMMunRjw2IHg_aem_XsRYKTx2emF8epu_LmXjwA\" data-type=\"link\" data-id=\"https:\/\/www.ecologistasenaccion.org\/evento\/jornada-marco-mundial-de-biodiversidad-avances-y-desafios\/?fbclid=IwY2xjawFw16JleHRuA2FlbQIxMQABHZZnoN7qLoPfWdCscOTitc6rbkpqADr81GDEbj-CrQUrIkmMMunRjw2IHg_aem_XsRYKTx2emF8epu_LmXjwA\" target=\"_blank\" rel=\"noreferrer noopener\">clicant ac\u00ed<\/a><\/p>\n","protected":false},"excerpt":{"rendered":"<p>El dissabte 5 d&#8217;octubre, l&#8217;entitat Ecologistes en Acci\u00f3 m&#8217;ha convidat a participar en una jornada d&#8217;\u00e0mbit estatal, intitulada &#8220;Marco Mundial [&hellip;]<\/p>\n","protected":false},"author":2,"featured_media":1458,"comment_status":"open","ping_status":"open","sticky":false,"template":"","format":"standard","meta":{"site-sidebar-layout":"default","site-content-layout":"","ast-site-content-layout":"","site-content-style":"default","site-sidebar-style":"default","ast-global-header-display":"","ast-banner-title-visibility":"","ast-main-header-display":"","ast-hfb-above-header-display":"","ast-hfb-below-header-display":"","ast-hfb-mobile-header-display":"","site-post-title":"","ast-breadcrumbs-content":"","ast-featured-img":"","footer-sml-layout":"","theme-transparent-header-meta":"","adv-header-id-meta":"","stick-header-meta":"","header-above-stick-meta":"","header-main-stick-meta":"","header-below-stick-meta":"","astra-migrate-meta-layouts":"default","ast-page-background-enabled":"default","ast-page-background-meta":{"desktop":{"background-color":"var(--ast-global-color-4)","background-image":"","background-repeat":"repeat","background-position":"center center","background-size":"auto","background-attachment":"scroll","background-type":"","background-media":"","overlay-type":"","overlay-color":"","overlay-opacity":"","overlay-gradient":""},"tablet":{"background-color":"","background-image":"","background-repeat":"repeat","background-position":"center center","background-size":"auto","background-attachment":"scroll","background-type":"","background-media":"","overlay-type":"","overlay-color":"","overlay-opacity":"","overlay-gradient":""},"mobile":{"background-color":"","background-image":"","background-repeat":"repeat","background-position":"center center","background-size":"auto","background-attachment":"scroll","background-type":"","background-media":"","overlay-type":"","overlay-color":"","overlay-opacity":"","overlay-gradient":""}},"ast-content-background-meta":{"desktop":{"background-color":"var(--ast-global-color-5)","background-image":"","background-repeat":"repeat","background-position":"center center","background-size":"auto","background-attachment":"scroll","background-type":"","background-media":"","overlay-type":"","overlay-color":"","overlay-opacity":"","overlay-gradient":""},"tablet":{"background-color":"var(--ast-global-color-5)","background-image":"","background-repeat":"repeat","background-position":"center center","background-size":"auto","background-attachment":"scroll","background-type":"","background-media":"","overlay-type":"","overlay-color":"","overlay-opacity":"","overlay-gradient":""},"mobile":{"background-color":"var(--ast-global-color-5)","background-image":"","background-repeat":"repeat","background-position":"center center","background-size":"auto","background-attachment":"scroll","background-type":"","background-media":"","overlay-type":"","overlay-color":"","overlay-opacity":"","overlay-gradient":""}},"footnotes":""},"categories":[28],"tags":[],"class_list":["post-1456","post","type-post","status-publish","format-standard","has-post-thumbnail","hentry","category-actes-publics"],"_links":{"self":[{"href":"https:\/\/www.mallarach.cat\/index.php\/wp-json\/wp\/v2\/posts\/1456","targetHints":{"allow":["GET"]}}],"collection":[{"href":"https:\/\/www.mallarach.cat\/index.php\/wp-json\/wp\/v2\/posts"}],"about":[{"href":"https:\/\/www.mallarach.cat\/index.php\/wp-json\/wp\/v2\/types\/post"}],"author":[{"embeddable":true,"href":"https:\/\/www.mallarach.cat\/index.php\/wp-json\/wp\/v2\/users\/2"}],"replies":[{"embeddable":true,"href":"https:\/\/www.mallarach.cat\/index.php\/wp-json\/wp\/v2\/comments?post=1456"}],"version-history":[{"count":2,"href":"https:\/\/www.mallarach.cat\/index.php\/wp-json\/wp\/v2\/posts\/1456\/revisions"}],"predecessor-version":[{"id":1460,"href":"https:\/\/www.mallarach.cat\/index.php\/wp-json\/wp\/v2\/posts\/1456\/revisions\/1460"}],"wp:featuredmedia":[{"embeddable":true,"href":"https:\/\/www.mallarach.cat\/index.php\/wp-json\/wp\/v2\/media\/1458"}],"wp:attachment":[{"href":"https:\/\/www.mallarach.cat\/index.php\/wp-json\/wp\/v2\/media?parent=1456"}],"wp:term":[{"taxonomy":"category","embeddable":true,"href":"https:\/\/www.mallarach.cat\/index.php\/wp-json\/wp\/v2\/categories?post=1456"},{"taxonomy":"post_tag","embeddable":true,"href":"https:\/\/www.mallarach.cat\/index.php\/wp-json\/wp\/v2\/tags?post=1456"}],"curies":[{"name":"wp","href":"https:\/\/api.w.org\/{rel}","templated":true}]}}